{"id":3888,"date":"2023-10-03T14:56:44","date_gmt":"2023-10-03T12:56:44","guid":{"rendered":"https:\/\/bekeffyfootball.com\/?p=3888"},"modified":"2023-10-03T15:01:14","modified_gmt":"2023-10-03T13:01:14","slug":"a-futballforradalmar-fia","status":"publish","type":"post","link":"https:\/\/bekeffyfootball.com\/fr\/bekeffy-gabor-cikkek\/a-futballforradalmar-fia\/","title":{"rendered":"Le fils d&rsquo;un r\u00e9volutionnaire de football"},"content":{"rendered":"\t\t<div data-elementor-type=\"wp-post\" data-elementor-id=\"3888\" class=\"elementor elementor-3888\">\n\t\t\t\t\t\t<section class=\"elementor-section elementor-top-section elementor-element elementor-element-22ad7102 elementor-section-boxed elementor-section-height-default elementor-section-height-default\" data-id=\"22ad7102\" data-element_type=\"section\">\n\t\t\t\t\t\t<div class=\"elementor-container elementor-column-gap-default\">\n\t\t\t\t\t<div class=\"elementor-column elementor-col-100 elementor-top-column elementor-element elementor-element-1bac2f8c\" data-id=\"1bac2f8c\" data-element_type=\"column\">\n\t\t\t<div class=\"elementor-widget-wrap elementor-element-populated\">\n\t\t\t\t\t\t<div class=\"elementor-element elementor-element-efc9310 elementor-widget elementor-widget-image\" data-id=\"efc9310\" data-element_type=\"widget\" data-widget_type=\"image.default\">\n\t\t\t\t<div class=\"elementor-widget-container\">\n\t\t\t\t\t\t\t\t\t\t\t\t\t\t<a href=\"https:\/\/bekeffyfootball.com\/wp-content\/uploads\/2017\/05\/befunky_bekeffy_gabor2.jpg.jpg\" data-elementor-open-lightbox=\"yes\" data-e-action-hash=\"#elementor-action%3Aaction%3Dlightbox%26settings%3DeyJpZCI6OTc5LCJ1cmwiOiJodHRwczpcL1wvYmVrZWZmeWZvb3RiYWxsLmNvbVwvd3AtY29udGVudFwvdXBsb2Fkc1wvMjAxN1wvMDVcL2JlZnVua3lfYmVrZWZmeV9nYWJvcjIuanBnLmpwZyJ9\">\n\t\t\t\t\t\t\t<img fetchpriority=\"high\" decoding=\"async\" width=\"1294\" height=\"1920\" src=\"https:\/\/bekeffyfootball.com\/wp-content\/uploads\/2017\/05\/befunky_bekeffy_gabor2.jpg.jpg\" class=\"attachment-full size-full wp-image-979\" alt=\"\" srcset=\"https:\/\/bekeffyfootball.com\/wp-content\/uploads\/2017\/05\/befunky_bekeffy_gabor2.jpg.jpg 1294w, https:\/\/bekeffyfootball.com\/wp-content\/uploads\/2017\/05\/befunky_bekeffy_gabor2.jpg-202x300.jpg 202w, https:\/\/bekeffyfootball.com\/wp-content\/uploads\/2017\/05\/befunky_bekeffy_gabor2.jpg-768x1140.jpg 768w, https:\/\/bekeffyfootball.com\/wp-content\/uploads\/2017\/05\/befunky_bekeffy_gabor2.jpg-690x1024.jpg 690w\" sizes=\"(max-width: 1294px) 100vw, 1294px\" \/>\t\t\t\t\t\t\t\t<\/a>\n\t\t\t\t\t\t\t\t\t\t\t\t\t<\/div>\n\t\t\t\t<\/div>\n\t\t\t\t<div class=\"elementor-element elementor-element-4345af83 elementor-widget elementor-widget-text-editor\" data-id=\"4345af83\" data-element_type=\"widget\" data-widget_type=\"text-editor.default\">\n\t\t\t\t<div class=\"elementor-widget-container\">\n\t\t\t\t\t\t\t<p><br \/><strong>Carri\u00e8re sp\u00e9cifique. B\u00e9keffy Jen\u0151 a \u00e9t\u00e9 l&rsquo;un des premiers managers de football europ\u00e9en. D&rsquo;origine hongroise, il a travaill\u00e9 avec les plus grands noms de l&rsquo;histoire du football international.<\/strong><\/p><p>Carri\u00e8re sp\u00e9cifique. B\u00e9keffy Jen\u0151 a \u00e9t\u00e9 l&rsquo;un des premiers managers de football europ\u00e9en. D&rsquo;origine hongroise, il a travaill\u00e9 avec les plus grands noms et clubs de l&rsquo;histoire du football.<\/p><p>Il a notamment jou\u00e9 un r\u00f4le dans la signature du contrat de Johan Cruyff avec le FC Barcelona par exemple. Son fils, B\u00e9keffy G\u00e1bor pourrait avoir une participation importante dans le football hongrois&#8230;<\/p><p><\/p>\t\t\t\t\t\t<\/div>\n\t\t\t\t<\/div>\n\t\t\t\t\t<\/div>\n\t\t<\/div>\n\t\t\t\t\t<\/div>\n\t\t<\/section>\n\t\t\t\t<\/div>\n\t\t","protected":false},"excerpt":{"rendered":"<p>Carri\u00e8re sp\u00e9cifique. B\u00e9keffy Jen\u0151 a \u00e9t\u00e9 l&rsquo;un des premiers managers de football europ\u00e9en. D&rsquo;origine hongroise, il a travaill\u00e9 avec les plus grands noms de l&rsquo;histoire du football international. Carri\u00e8re sp\u00e9cifique. B\u00e9keffy Jen\u0151 a \u00e9t\u00e9 l&rsquo;un des premiers managers de football europ\u00e9en. D&rsquo;origine hongroise, il a travaill\u00e9 avec les plus grands noms et clubs de l&rsquo;histoire [&hellip;]<\/p>\n","protected":false},"author":1,"featured_media":979,"comment_status":"open","ping_status":"open","sticky":false,"template":"","format":"standard","meta":{"ocean_post_layout":"","ocean_both_sidebars_style":"","ocean_both_sidebars_content_width":0,"ocean_both_sidebars_sidebars_width":0,"ocean_sidebar":"0","ocean_second_sidebar":"0","ocean_disable_margins":"enable","ocean_add_body_class":"","ocean_shortcode_before_top_bar":"","ocean_shortcode_after_top_bar":"","ocean_shortcode_before_header":"","ocean_shortcode_after_header":"","ocean_has_shortcode":"","ocean_shortcode_after_title":"","ocean_shortcode_before_footer_widgets":"","ocean_shortcode_after_footer_widgets":"","ocean_shortcode_before_footer_bottom":"","ocean_shortcode_after_footer_bottom":"","ocean_display_top_bar":"default","ocean_display_header":"default","ocean_header_style":"","ocean_center_header_left_menu":"0","ocean_custom_header_template":"0","ocean_custom_logo":0,"ocean_custom_retina_logo":0,"ocean_custom_logo_max_width":0,"ocean_custom_logo_tablet_max_width":0,"ocean_custom_logo_mobile_max_width":0,"ocean_custom_logo_max_height":0,"ocean_custom_logo_tablet_max_height":0,"ocean_custom_logo_mobile_max_height":0,"ocean_header_custom_menu":"0","ocean_menu_typo_font_family":"0","ocean_menu_typo_font_subset":"","ocean_menu_typo_font_size":0,"ocean_menu_typo_font_size_tablet":0,"ocean_menu_typo_font_size_mobile":0,"ocean_menu_typo_font_size_unit":"px","ocean_menu_typo_font_weight":"","ocean_menu_typo_font_weight_tablet":"","ocean_menu_typo_font_weight_mobile":"","ocean_menu_typo_transform":"","ocean_menu_typo_transform_tablet":"","ocean_menu_typo_transform_mobile":"","ocean_menu_typo_line_height":0,"ocean_menu_typo_line_height_tablet":0,"ocean_menu_typo_line_height_mobile":0,"ocean_menu_typo_line_height_unit":"","ocean_menu_typo_spacing":0,"ocean_menu_typo_spacing_tablet":0,"ocean_menu_typo_spacing_mobile":0,"ocean_menu_typo_spacing_unit":"","ocean_menu_link_color":"","ocean_menu_link_color_hover":"","ocean_menu_link_color_active":"","ocean_menu_link_background":"","ocean_menu_link_hover_background":"","ocean_menu_link_active_background":"","ocean_menu_social_links_bg":"","ocean_menu_social_hover_links_bg":"","ocean_menu_social_links_color":"","ocean_menu_social_hover_links_color":"","ocean_disable_title":"default","ocean_disable_heading":"default","ocean_post_title":"","ocean_post_subheading":"","ocean_post_title_style":"","ocean_post_title_background_color":"","ocean_post_title_background":0,"ocean_post_title_bg_image_position":"","ocean_post_title_bg_image_attachment":"","ocean_post_title_bg_image_repeat":"","ocean_post_title_bg_image_size":"","ocean_post_title_height":0,"ocean_post_title_bg_overlay":0.5,"ocean_post_title_bg_overlay_color":"","ocean_disable_breadcrumbs":"default","ocean_breadcrumbs_color":"","ocean_breadcrumbs_separator_color":"","ocean_breadcrumbs_links_color":"","ocean_breadcrumbs_links_hover_color":"","ocean_display_footer_widgets":"default","ocean_display_footer_bottom":"default","ocean_custom_footer_template":"0","ocean_post_oembed":"","ocean_post_self_hosted_media":"","ocean_post_video_embed":"","ocean_link_format":"","ocean_link_format_target":"self","ocean_quote_format":"","ocean_quote_format_link":"post","ocean_gallery_link_images":"off","ocean_gallery_id":[],"footnotes":""},"categories":[104],"tags":[],"class_list":["post-3888","post","type-post","status-publish","format-standard","has-post-thumbnail","hentry","category-bekeffy-gabor-cikkek","entry","has-media"],"_links":{"self":[{"href":"https:\/\/bekeffyfootball.com\/fr\/wp-json\/wp\/v2\/posts\/3888","targetHints":{"allow":["GET"]}}],"collection":[{"href":"https:\/\/bekeffyfootball.com\/fr\/wp-json\/wp\/v2\/posts"}],"about":[{"href":"https:\/\/bekeffyfootball.com\/fr\/wp-json\/wp\/v2\/types\/post"}],"author":[{"embeddable":true,"href":"https:\/\/bekeffyfootball.com\/fr\/wp-json\/wp\/v2\/users\/1"}],"replies":[{"embeddable":true,"href":"https:\/\/bekeffyfootball.com\/fr\/wp-json\/wp\/v2\/comments?post=3888"}],"version-history":[{"count":0,"href":"https:\/\/bekeffyfootball.com\/fr\/wp-json\/wp\/v2\/posts\/3888\/revisions"}],"wp:featuredmedia":[{"embeddable":true,"href":"https:\/\/bekeffyfootball.com\/fr\/wp-json\/wp\/v2\/media\/979"}],"wp:attachment":[{"href":"https:\/\/bekeffyfootball.com\/fr\/wp-json\/wp\/v2\/media?parent=3888"}],"wp:term":[{"taxonomy":"category","embeddable":true,"href":"https:\/\/bekeffyfootball.com\/fr\/wp-json\/wp\/v2\/categories?post=3888"},{"taxonomy":"post_tag","embeddable":true,"href":"https:\/\/bekeffyfootball.com\/fr\/wp-json\/wp\/v2\/tags?post=3888"}],"curies":[{"name":"wp","href":"https:\/\/api.w.org\/{rel}","templated":true}]}}