{"id":3998,"date":"2023-10-04T14:06:05","date_gmt":"2023-10-04T12:06:05","guid":{"rendered":"https:\/\/bekeffyfootball.com\/?p=3998"},"modified":"2023-10-04T14:11:18","modified_gmt":"2023-10-04T12:11:18","slug":"martin-jol-bekeffy-jeno-bayern-munchen-1978","status":"publish","type":"post","link":"https:\/\/bekeffyfootball.com\/fr\/bekeffy-jeno-cikkek\/martin-jol-bekeffy-jeno-bayern-munchen-1978\/","title":{"rendered":"Martin Jol &#8211; B\u00e9keffy Jen\u0151 &#8211; Bayern M\u00fcnchen 1978"},"content":{"rendered":"\t\t<div data-elementor-type=\"wp-post\" data-elementor-id=\"3998\" class=\"elementor elementor-3998\">\n\t\t\t\t\t\t<section class=\"elementor-section elementor-top-section elementor-element elementor-element-57fdbdcc elementor-section-boxed elementor-section-height-default elementor-section-height-default\" data-id=\"57fdbdcc\" data-element_type=\"section\">\n\t\t\t\t\t\t<div class=\"elementor-container elementor-column-gap-default\">\n\t\t\t\t\t<div class=\"elementor-column elementor-col-100 elementor-top-column elementor-element elementor-element-32d3d801\" data-id=\"32d3d801\" data-element_type=\"column\">\n\t\t\t<div class=\"elementor-widget-wrap elementor-element-populated\">\n\t\t\t\t\t\t<div class=\"elementor-element elementor-element-d3c9cee elementor-widget elementor-widget-image\" data-id=\"d3c9cee\" data-element_type=\"widget\" data-widget_type=\"image.default\">\n\t\t\t\t<div class=\"elementor-widget-container\">\n\t\t\t\t\t\t\t\t\t\t\t\t\t\t<a href=\"https:\/\/bekeffyfootball.com\/wp-content\/uploads\/2023\/09\/martin_jol_bekeffy_jeno_bayer_munchen_fc_1978.jpg\" data-elementor-open-lightbox=\"yes\" data-e-action-hash=\"#elementor-action%3Aaction%3Dlightbox%26settings%3DeyJpZCI6MjI0OSwidXJsIjoiaHR0cHM6XC9cL2Jla2VmZnlmb290YmFsbC5jb21cL3dwLWNvbnRlbnRcL3VwbG9hZHNcLzIwMjNcLzA5XC9tYXJ0aW5fam9sX2Jla2VmZnlfamVub19iYXllcl9tdW5jaGVuX2ZjXzE5NzguanBnIn0%3D\">\n\t\t\t\t\t\t\t<img fetchpriority=\"high\" decoding=\"async\" width=\"1440\" height=\"1920\" src=\"https:\/\/bekeffyfootball.com\/wp-content\/uploads\/2023\/09\/martin_jol_bekeffy_jeno_bayer_munchen_fc_1978.jpg\" class=\"attachment-full size-full wp-image-2249\" alt=\"\" srcset=\"https:\/\/bekeffyfootball.com\/wp-content\/uploads\/2023\/09\/martin_jol_bekeffy_jeno_bayer_munchen_fc_1978.jpg 1440w, https:\/\/bekeffyfootball.com\/wp-content\/uploads\/2023\/09\/martin_jol_bekeffy_jeno_bayer_munchen_fc_1978-225x300.jpg 225w, https:\/\/bekeffyfootball.com\/wp-content\/uploads\/2023\/09\/martin_jol_bekeffy_jeno_bayer_munchen_fc_1978-768x1024.jpg 768w, https:\/\/bekeffyfootball.com\/wp-content\/uploads\/2023\/09\/martin_jol_bekeffy_jeno_bayer_munchen_fc_1978-1152x1536.jpg 1152w\" sizes=\"(max-width: 1440px) 100vw, 1440px\" \/>\t\t\t\t\t\t\t\t<\/a>\n\t\t\t\t\t\t\t\t\t\t\t\t\t<\/div>\n\t\t\t\t<\/div>\n\t\t\t\t<div class=\"elementor-element elementor-element-4438da04 elementor-widget elementor-widget-text-editor\" data-id=\"4438da04\" data-element_type=\"widget\" data-widget_type=\"text-editor.default\">\n\t\t\t\t<div class=\"elementor-widget-container\">\n\t\t\t\t\t\t\t<p><strong>Martin Jol signe avec le Bayern de Munich<\/strong><\/p><p>Sa carri\u00e8re de joueur au poste de milieu de terrain commen\u00e7a avec ADO La Haye, avec qui il remporta la coupe KNVB en 1975, avant de signer pour le Bayern de Munich en 1977 avec la representation de son agent, B\u00e9keffy Jen\u0151 pour un montant de 550.000 gulden. Il joua pour l \u00e9quipe nationale pour la premi\u00e8re fois lorsqu&rsquo;il jouait pour le FC Twente. Il joua quelque temps en Angleterre pour West Bromwich Albion et Coventry City, avant de terminer sa carri\u00e8re avec ADO La Haye. Jol a jou\u00e9 plus de 400 matchs en club et a connu 3 s\u00e9lections en \u00e9quipe nationale.<\/p><p><\/p>\t\t\t\t\t\t<\/div>\n\t\t\t\t<\/div>\n\t\t\t\t\t<\/div>\n\t\t<\/div>\n\t\t\t\t\t<\/div>\n\t\t<\/section>\n\t\t\t\t<\/div>\n\t\t","protected":false},"excerpt":{"rendered":"<p>Martin Jol signe avec le Bayern de Munich Sa carri\u00e8re de joueur au poste de milieu de terrain commen\u00e7a avec ADO La Haye, avec qui il remporta la coupe KNVB en 1975, avant de signer pour le Bayern de Munich en 1977 avec la representation de son agent, B\u00e9keffy Jen\u0151 pour un montant de 550.000 [&hellip;]<\/p>\n","protected":false},"author":1,"featured_media":2249,"comment_status":"open","ping_status":"open","sticky":false,"template":"","format":"standard","meta":{"ocean_post_layout":"","ocean_both_sidebars_style":"","ocean_both_sidebars_content_width":0,"ocean_both_sidebars_sidebars_width":0,"ocean_sidebar":"0","ocean_second_sidebar":"0","ocean_disable_margins":"enable","ocean_add_body_class":"","ocean_shortcode_before_top_bar":"","ocean_shortcode_after_top_bar":"","ocean_shortcode_before_header":"","ocean_shortcode_after_header":"","ocean_has_shortcode":"","ocean_shortcode_after_title":"","ocean_shortcode_before_footer_widgets":"","ocean_shortcode_after_footer_widgets":"","ocean_shortcode_before_footer_bottom":"","ocean_shortcode_after_footer_bottom":"","ocean_display_top_bar":"default","ocean_display_header":"default","ocean_header_style":"","ocean_center_header_left_menu":"0","ocean_custom_header_template":"0","ocean_custom_logo":0,"ocean_custom_retina_logo":0,"ocean_custom_logo_max_width":0,"ocean_custom_logo_tablet_max_width":0,"ocean_custom_logo_mobile_max_width":0,"ocean_custom_logo_max_height":0,"ocean_custom_logo_tablet_max_height":0,"ocean_custom_logo_mobile_max_height":0,"ocean_header_custom_menu":"0","ocean_menu_typo_font_family":"0","ocean_menu_typo_font_subset":"","ocean_menu_typo_font_size":0,"ocean_menu_typo_font_size_tablet":0,"ocean_menu_typo_font_size_mobile":0,"ocean_menu_typo_font_size_unit":"px","ocean_menu_typo_font_weight":"","ocean_menu_typo_font_weight_tablet":"","ocean_menu_typo_font_weight_mobile":"","ocean_menu_typo_transform":"","ocean_menu_typo_transform_tablet":"","ocean_menu_typo_transform_mobile":"","ocean_menu_typo_line_height":0,"ocean_menu_typo_line_height_tablet":0,"ocean_menu_typo_line_height_mobile":0,"ocean_menu_typo_line_height_unit":"","ocean_menu_typo_spacing":0,"ocean_menu_typo_spacing_tablet":0,"ocean_menu_typo_spacing_mobile":0,"ocean_menu_typo_spacing_unit":"","ocean_menu_link_color":"","ocean_menu_link_color_hover":"","ocean_menu_link_color_active":"","ocean_menu_link_background":"","ocean_menu_link_hover_background":"","ocean_menu_link_active_background":"","ocean_menu_social_links_bg":"","ocean_menu_social_hover_links_bg":"","ocean_menu_social_links_color":"","ocean_menu_social_hover_links_color":"","ocean_disable_title":"default","ocean_disable_heading":"default","ocean_post_title":"","ocean_post_subheading":"","ocean_post_title_style":"","ocean_post_title_background_color":"","ocean_post_title_background":0,"ocean_post_title_bg_image_position":"","ocean_post_title_bg_image_attachment":"","ocean_post_title_bg_image_repeat":"","ocean_post_title_bg_image_size":"","ocean_post_title_height":0,"ocean_post_title_bg_overlay":0.5,"ocean_post_title_bg_overlay_color":"","ocean_disable_breadcrumbs":"default","ocean_breadcrumbs_color":"","ocean_breadcrumbs_separator_color":"","ocean_breadcrumbs_links_color":"","ocean_breadcrumbs_links_hover_color":"","ocean_display_footer_widgets":"default","ocean_display_footer_bottom":"default","ocean_custom_footer_template":"0","ocean_post_oembed":"","ocean_post_self_hosted_media":"","ocean_post_video_embed":"","ocean_link_format":"","ocean_link_format_target":"self","ocean_quote_format":"","ocean_quote_format_link":"post","ocean_gallery_link_images":"off","ocean_gallery_id":[],"footnotes":""},"categories":[102],"tags":[],"class_list":["post-3998","post","type-post","status-publish","format-standard","has-post-thumbnail","hentry","category-bekeffy-jeno-cikkek","entry","has-media"],"_links":{"self":[{"href":"https:\/\/bekeffyfootball.com\/fr\/wp-json\/wp\/v2\/posts\/3998","targetHints":{"allow":["GET"]}}],"collection":[{"href":"https:\/\/bekeffyfootball.com\/fr\/wp-json\/wp\/v2\/posts"}],"about":[{"href":"https:\/\/bekeffyfootball.com\/fr\/wp-json\/wp\/v2\/types\/post"}],"author":[{"embeddable":true,"href":"https:\/\/bekeffyfootball.com\/fr\/wp-json\/wp\/v2\/users\/1"}],"replies":[{"embeddable":true,"href":"https:\/\/bekeffyfootball.com\/fr\/wp-json\/wp\/v2\/comments?post=3998"}],"version-history":[{"count":0,"href":"https:\/\/bekeffyfootball.com\/fr\/wp-json\/wp\/v2\/posts\/3998\/revisions"}],"wp:featuredmedia":[{"embeddable":true,"href":"https:\/\/bekeffyfootball.com\/fr\/wp-json\/wp\/v2\/media\/2249"}],"wp:attachment":[{"href":"https:\/\/bekeffyfootball.com\/fr\/wp-json\/wp\/v2\/media?parent=3998"}],"wp:term":[{"taxonomy":"category","embeddable":true,"href":"https:\/\/bekeffyfootball.com\/fr\/wp-json\/wp\/v2\/categories?post=3998"},{"taxonomy":"post_tag","embeddable":true,"href":"https:\/\/bekeffyfootball.com\/fr\/wp-json\/wp\/v2\/tags?post=3998"}],"curies":[{"name":"wp","href":"https:\/\/api.w.org\/{rel}","templated":true}]}}