{"id":4092,"date":"2023-10-06T12:21:23","date_gmt":"2023-10-06T10:21:23","guid":{"rendered":"https:\/\/bekeffyfootball.com\/?p=4092"},"modified":"2024-10-25T12:55:02","modified_gmt":"2024-10-25T10:55:02","slug":"bekeffy-jeno-peter-ressel-bloemberg-sip","status":"publish","type":"post","link":"https:\/\/bekeffyfootball.com\/fr\/bekeffy-jeno-cikkek\/bekeffy-jeno-peter-ressel-bloemberg-sip\/","title":{"rendered":"B\u00e9keffy Jen\u0151, Peter Ressel, Bloemberg Sip"},"content":{"rendered":"\t\t<div data-elementor-type=\"wp-post\" data-elementor-id=\"4092\" class=\"elementor elementor-4092\">\n\t\t\t\t\t\t<section class=\"elementor-section elementor-top-section elementor-element elementor-element-57fdbdcc elementor-section-boxed elementor-section-height-default elementor-section-height-default\" data-id=\"57fdbdcc\" data-element_type=\"section\">\n\t\t\t\t\t\t<div class=\"elementor-container elementor-column-gap-default\">\n\t\t\t\t\t<div class=\"elementor-column elementor-col-100 elementor-top-column elementor-element elementor-element-32d3d801\" data-id=\"32d3d801\" data-element_type=\"column\">\n\t\t\t<div class=\"elementor-widget-wrap elementor-element-populated\">\n\t\t\t\t\t\t<div class=\"elementor-element elementor-element-f4f2316 gallery-spacing-custom elementor-widget elementor-widget-image-gallery\" data-id=\"f4f2316\" data-element_type=\"widget\" data-widget_type=\"image-gallery.default\">\n\t\t\t\t<div class=\"elementor-widget-container\">\n\t\t\t\t\t<div class=\"elementor-image-gallery\">\n\t\t\t<div id='gallery-1' class='gallery galleryid-4092 gallery-columns-2 gallery-size-full'><figure class='gallery-item'>\n\t\t\t<div class='gallery-icon landscape'>\n\t\t\t\t<a data-elementor-open-lightbox=\"yes\" data-elementor-lightbox-slideshow=\"f4f2316\" data-e-action-hash=\"#elementor-action%3Aaction%3Dlightbox%26settings%3DeyJpZCI6NzE2MSwidXJsIjoiaHR0cHM6XC9cL2Jla2VmZnlmb290YmFsbC5jb21cL3dwLWNvbnRlbnRcL3VwbG9hZHNcLzIwMjRcLzEwXC9CZWtlZmZ5LVBldGVyLVJlc3NlbEJsb2VtYmVyZy1TaXAtc3BvcnQtbWVuZWRzemVyMS1zY2FsZWQuanBnIiwic2xpZGVzaG93IjoiZjRmMjMxNiJ9\" href='https:\/\/bekeffyfootball.com\/wp-content\/uploads\/2024\/10\/Bekeffy-Peter-ResselBloemberg-Sip-sport-menedszer1-scaled.jpg'><img fetchpriority=\"high\" decoding=\"async\" width=\"2560\" height=\"1651\" src=\"https:\/\/bekeffyfootball.com\/wp-content\/uploads\/2024\/10\/Bekeffy-Peter-ResselBloemberg-Sip-sport-menedszer1-scaled.jpg\" class=\"attachment-full size-full\" alt=\"\" srcset=\"https:\/\/bekeffyfootball.com\/wp-content\/uploads\/2024\/10\/Bekeffy-Peter-ResselBloemberg-Sip-sport-menedszer1-scaled.jpg 2560w, https:\/\/bekeffyfootball.com\/wp-content\/uploads\/2024\/10\/Bekeffy-Peter-ResselBloemberg-Sip-sport-menedszer1-300x194.jpg 300w, https:\/\/bekeffyfootball.com\/wp-content\/uploads\/2024\/10\/Bekeffy-Peter-ResselBloemberg-Sip-sport-menedszer1-1024x661.jpg 1024w, https:\/\/bekeffyfootball.com\/wp-content\/uploads\/2024\/10\/Bekeffy-Peter-ResselBloemberg-Sip-sport-menedszer1-768x495.jpg 768w, https:\/\/bekeffyfootball.com\/wp-content\/uploads\/2024\/10\/Bekeffy-Peter-ResselBloemberg-Sip-sport-menedszer1-1536x991.jpg 1536w, https:\/\/bekeffyfootball.com\/wp-content\/uploads\/2024\/10\/Bekeffy-Peter-ResselBloemberg-Sip-sport-menedszer1-2048x1321.jpg 2048w\" sizes=\"(max-width: 2560px) 100vw, 2560px\" \/><\/a>\n\t\t\t<\/div><\/figure>\n\t\t<\/div>\n\t\t<\/div>\n\t\t\t\t<\/div>\n\t\t\t\t<\/div>\n\t\t\t\t<div class=\"elementor-element elementor-element-4438da04 elementor-widget elementor-widget-text-editor\" data-id=\"4438da04\" data-element_type=\"widget\" data-widget_type=\"text-editor.default\">\n\t\t\t\t<div class=\"elementor-widget-container\">\n\t\t\t\t\t\t\t<p><strong>Date: 1976 Subject: B\u00e9keffy Jen\u0151, Peter Ressel, Bloemberg Sip Clubs: RWDM, RSC Anderlecht<\/strong><\/p><p><\/p>\t\t\t\t\t\t<\/div>\n\t\t\t\t<\/div>\n\t\t\t\t\t<\/div>\n\t\t<\/div>\n\t\t\t\t\t<\/div>\n\t\t<\/section>\n\t\t\t\t<section class=\"elementor-section elementor-top-section elementor-element elementor-element-d575b24 elementor-section-boxed elementor-section-height-default elementor-section-height-default\" data-id=\"d575b24\" data-element_type=\"section\">\n\t\t\t\t\t\t<div class=\"elementor-container elementor-column-gap-default\">\n\t\t\t\t\t<div class=\"elementor-column elementor-col-100 elementor-top-column elementor-element elementor-element-351a19c\" data-id=\"351a19c\" data-element_type=\"column\">\n\t\t\t<div class=\"elementor-widget-wrap elementor-element-populated\">\n\t\t\t\t\t\t<div class=\"elementor-element elementor-element-577fe1d elementor-widget elementor-widget-text-editor\" data-id=\"577fe1d\" data-element_type=\"widget\" data-widget_type=\"text-editor.default\">\n\t\t\t\t<div class=\"elementor-widget-container\">\n\t\t\t\t\t\t\t<p><span style=\"color: rgb(5, 5, 5); font-family: &quot;Segoe UI Historic&quot;, &quot;Segoe UI&quot;, Helvetica, Arial, sans-serif; font-size: 15px; font-style: normal; font-variant-ligatures: normal; font-variant-caps: normal; font-weight: 400; white-space-collapse: preserve;\">B\u00e9keffy Jen\u0151 siker t\u00f6rt\u00e9nete \/ Magyar labdar\u00fag\u00f3 \/ 1956-os menek\u00fclt , fot\u00f3modell, j\u00e1t\u00e9kos menedzser. <\/span><span style=\"font-style: normal; font-variant-ligatures: normal; font-variant-caps: normal; font-weight: 400; color: rgb(5, 5, 5); font-family: &quot;Segoe UI Historic&quot;, &quot;Segoe UI&quot;, Helvetica, Arial, sans-serif; font-size: 15px; white-space-collapse: preserve;\">T\u00f6bb mint 300 j\u00e1t\u00e9kos \u00e1tigazol\u00e1ssal, <\/span><span style=\"font-style: normal; font-variant-ligatures: normal; font-variant-caps: normal; font-weight: 400; color: rgb(5, 5, 5); font-family: &quot;Segoe UI Historic&quot;, &quot;Segoe UI&quot;, Helvetica, Arial, sans-serif; font-size: 15px; white-space-collapse: preserve;\">\u0150 az orsz\u00e1g legh\u00edresebb j\u00e1t\u00e9kos\u00fcgyn\u00f6ke. Ez a magyar 1956-ban menek\u00fclt el Magyarorsz\u00e1gr\u00f3l. Kalandja Hollandi\u00e1ban kezd\u0151d\u00f6tt, akkor 20 \u00e9ves volt !  <\/span><\/p>\n<p><span style=\"color: rgb(5, 5, 5); font-family: &quot;Segoe UI Historic&quot;, &quot;Segoe UI&quot;, Helvetica, Arial, sans-serif; font-size: 15px; font-style: normal; font-variant-ligatures: normal; font-variant-caps: normal; font-weight: 400; white-space-collapse: preserve;\">T\u00e9rj\u00fcnk vissza 1956-ba, a totalit\u00e1rius (\u00e9rtsd orosz) kommunizmus elleni magyar felkel\u00e9s \u00e9v\u00e9be. Bekeffy azok a labdarug\u00f3 k\u00f6z\u00e9 tartozott, akik Pusk\u00e1s \u00e9s Kubal\u00e1t nyom\u00e1n a Nyugatot r\u00e9szes\u00edtett\u00e9k el\u0151nyben, mint a s\u00falyos elnyom\u00e1st\u00f3l s\u00fajtott Magyarorsz\u00e1got. Bekeffy Hollandi\u00e1ba ment, pontosabban a Twent\u00e9be. H\u00e1rom meccset j\u00e1tszott ott az SC Enschede sz\u00edneiben. Bar\u00e1ts\u00e1gos meccsek, mert a FIFA el\u0151\u00edr\u00e1sai szerint a politikai menek\u00fcltek <\/span><span style=\"color: rgb(5, 5, 5); font-family: &quot;Segoe UI Historic&quot;, &quot;Segoe UI&quot;, Helvetica, Arial, sans-serif; font-size: 15px; font-style: normal; font-variant-ligatures: normal; font-variant-caps: normal; font-weight: 400; white-space-collapse: preserve; text-align: inherit; overflow-wrap: break-word;\"><a tabindex=\"-1\" style=\"color: rgb(56, 88, 152); cursor: pointer; text-align: inherit; overflow-wrap: break-word;\"><\/a><\/span><span style=\"color: rgb(5, 5, 5); font-family: &quot;Segoe UI Historic&quot;, &quot;Segoe UI&quot;, Helvetica, Arial, sans-serif; font-size: 15px; font-style: normal; font-variant-ligatures: normal; font-variant-caps: normal; font-weight: 400; white-space-collapse: preserve;\">legal\u00e1bb k\u00e9t \u00e9vre eltiltott\u00e1k a hivatalos j\u00e1t\u00e9k lehet\u0151s\u00e9gt\u0151l. B\u00e9keffy Jen\u0151 siker t\u00f6rt\u00e9nete \/ Magyar labdar\u00fag\u00f3 \/ 1956-os menek\u00fclt , fot\u00f3modell, j\u00e1t\u00e9kos menedzser&#8230;.<\/span><\/p>\t\t\t\t\t\t<\/div>\n\t\t\t\t<\/div>\n\t\t\t\t\t<\/div>\n\t\t<\/div>\n\t\t\t\t\t<\/div>\n\t\t<\/section>\n\t\t\t\t<\/div>\n\t\t","protected":false},"excerpt":{"rendered":"<p>Date: 1976 Subject: B\u00e9keffy Jen\u0151, Peter Ressel, Bloemberg Sip Clubs: RWDM, RSC Anderlecht B\u00e9keffy Jen\u0151 siker t\u00f6rt\u00e9nete \/ Magyar labdar\u00fag\u00f3 \/ 1956-os menek\u00fclt , fot\u00f3modell, j\u00e1t\u00e9kos menedzser. T\u00f6bb mint 300 j\u00e1t\u00e9kos \u00e1tigazol\u00e1ssal, \u0150 az orsz\u00e1g legh\u00edresebb j\u00e1t\u00e9kos\u00fcgyn\u00f6ke. Ez a magyar 1956-ban menek\u00fclt el Magyarorsz\u00e1gr\u00f3l. Kalandja Hollandi\u00e1ban kezd\u0151d\u00f6tt, akkor 20 \u00e9ves volt ! T\u00e9rj\u00fcnk vissza 1956-ba, [&hellip;]<\/p>\n","protected":false},"author":1,"featured_media":1122,"comment_status":"open","ping_status":"open","sticky":false,"template":"","format":"standard","meta":{"ocean_post_layout":"","ocean_both_sidebars_style":"","ocean_both_sidebars_content_width":0,"ocean_both_sidebars_sidebars_width":0,"ocean_sidebar":"0","ocean_second_sidebar":"0","ocean_disable_margins":"enable","ocean_add_body_class":"","ocean_shortcode_before_top_bar":"","ocean_shortcode_after_top_bar":"","ocean_shortcode_before_header":"","ocean_shortcode_after_header":"","ocean_has_shortcode":"","ocean_shortcode_after_title":"","ocean_shortcode_before_footer_widgets":"","ocean_shortcode_after_footer_widgets":"","ocean_shortcode_before_footer_bottom":"","ocean_shortcode_after_footer_bottom":"","ocean_display_top_bar":"default","ocean_display_header":"default","ocean_header_style":"","ocean_center_header_left_menu":"0","ocean_custom_header_template":"0","ocean_custom_logo":0,"ocean_custom_retina_logo":0,"ocean_custom_logo_max_width":0,"ocean_custom_logo_tablet_max_width":0,"ocean_custom_logo_mobile_max_width":0,"ocean_custom_logo_max_height":0,"ocean_custom_logo_tablet_max_height":0,"ocean_custom_logo_mobile_max_height":0,"ocean_header_custom_menu":"0","ocean_menu_typo_font_family":"0","ocean_menu_typo_font_subset":"","ocean_menu_typo_font_size":0,"ocean_menu_typo_font_size_tablet":0,"ocean_menu_typo_font_size_mobile":0,"ocean_menu_typo_font_size_unit":"px","ocean_menu_typo_font_weight":"","ocean_menu_typo_font_weight_tablet":"","ocean_menu_typo_font_weight_mobile":"","ocean_menu_typo_transform":"","ocean_menu_typo_transform_tablet":"","ocean_menu_typo_transform_mobile":"","ocean_menu_typo_line_height":0,"ocean_menu_typo_line_height_tablet":0,"ocean_menu_typo_line_height_mobile":0,"ocean_menu_typo_line_height_unit":"","ocean_menu_typo_spacing":0,"ocean_menu_typo_spacing_tablet":0,"ocean_menu_typo_spacing_mobile":0,"ocean_menu_typo_spacing_unit":"","ocean_menu_link_color":"","ocean_menu_link_color_hover":"","ocean_menu_link_color_active":"","ocean_menu_link_background":"","ocean_menu_link_hover_background":"","ocean_menu_link_active_background":"","ocean_menu_social_links_bg":"","ocean_menu_social_hover_links_bg":"","ocean_menu_social_links_color":"","ocean_menu_social_hover_links_color":"","ocean_disable_title":"default","ocean_disable_heading":"default","ocean_post_title":"","ocean_post_subheading":"","ocean_post_title_style":"","ocean_post_title_background_color":"","ocean_post_title_background":0,"ocean_post_title_bg_image_position":"","ocean_post_title_bg_image_attachment":"","ocean_post_title_bg_image_repeat":"","ocean_post_title_bg_image_size":"","ocean_post_title_height":0,"ocean_post_title_bg_overlay":0.5,"ocean_post_title_bg_overlay_color":"","ocean_disable_breadcrumbs":"default","ocean_breadcrumbs_color":"","ocean_breadcrumbs_separator_color":"","ocean_breadcrumbs_links_color":"","ocean_breadcrumbs_links_hover_color":"","ocean_display_footer_widgets":"default","ocean_display_footer_bottom":"default","ocean_custom_footer_template":"0","ocean_post_oembed":"","ocean_post_self_hosted_media":"","ocean_post_video_embed":"","ocean_link_format":"","ocean_link_format_target":"self","ocean_quote_format":"","ocean_quote_format_link":"post","ocean_gallery_link_images":"off","ocean_gallery_id":[],"footnotes":""},"categories":[102],"tags":[],"class_list":["post-4092","post","type-post","status-publish","format-standard","has-post-thumbnail","hentry","category-bekeffy-jeno-cikkek","entry","has-media"],"_links":{"self":[{"href":"https:\/\/bekeffyfootball.com\/fr\/wp-json\/wp\/v2\/posts\/4092","targetHints":{"allow":["GET"]}}],"collection":[{"href":"https:\/\/bekeffyfootball.com\/fr\/wp-json\/wp\/v2\/posts"}],"about":[{"href":"https:\/\/bekeffyfootball.com\/fr\/wp-json\/wp\/v2\/types\/post"}],"author":[{"embeddable":true,"href":"https:\/\/bekeffyfootball.com\/fr\/wp-json\/wp\/v2\/users\/1"}],"replies":[{"embeddable":true,"href":"https:\/\/bekeffyfootball.com\/fr\/wp-json\/wp\/v2\/comments?post=4092"}],"version-history":[{"count":0,"href":"https:\/\/bekeffyfootball.com\/fr\/wp-json\/wp\/v2\/posts\/4092\/revisions"}],"wp:featuredmedia":[{"embeddable":true,"href":"https:\/\/bekeffyfootball.com\/fr\/wp-json\/wp\/v2\/media\/1122"}],"wp:attachment":[{"href":"https:\/\/bekeffyfootball.com\/fr\/wp-json\/wp\/v2\/media?parent=4092"}],"wp:term":[{"taxonomy":"category","embeddable":true,"href":"https:\/\/bekeffyfootball.com\/fr\/wp-json\/wp\/v2\/categories?post=4092"},{"taxonomy":"post_tag","embeddable":true,"href":"https:\/\/bekeffyfootball.com\/fr\/wp-json\/wp\/v2\/tags?post=4092"}],"curies":[{"name":"wp","href":"https:\/\/api.w.org\/{rel}","templated":true}]}}